{"id":13402,"date":"2021-06-28T16:12:47","date_gmt":"2021-06-28T14:12:47","guid":{"rendered":"https:\/\/www.atelierdevino.com\/?p=13402"},"modified":"2025-05-07T16:01:06","modified_gmt":"2025-05-07T14:01:06","slug":"vinos-con-caracter-vinos-do-rueda","status":"publish","type":"post","link":"https:\/\/www.atelierdevino.com\/en\/vinos-con-caracter-vinos-do-rueda\/","title":{"rendered":"Vinos con car\u00e1cter, vinos do rueda"},"content":{"rendered":"<p>El pasado 2020 se dieron las condiciones perfectas e id\u00f3neas para poder definir la cosecha de ese a\u00f1o como excelente, hecho que solo ha sucedido 3 \u00fanicas veces en toda la historia de la<br \/>\nDenominaci\u00f3n de Origen Rueda.<\/p>\n<p><strong>\u00bfQu\u00e9 quiere decir excelente?<\/strong><br \/>\nPara que una cosecha sea denominada como excelente tienen que darse caracter\u00edsticas \u00fanicas y muy especificas. La graduaci\u00f3n alcoh\u00f3lica, la estructura, la sensaci\u00f3n en paladar y los aromas deben estar en perfecta armon\u00eda, generando de esa manera cualidades perfectas del vino.<\/p>\n<p><strong>\u00bfPorqu\u00e9 la excelencia?<\/strong><br \/>\nLos vinos de esta vendimia, a diferencia de la anterior a\u00f1ada, han madurado con mayor rapidez, hecho que ha permitido que tengan m\u00e1s complejidad, un cuerpo diferente, pero manteniendo siempre la intensidad arom\u00e1tica, caracter\u00edsticas particulares de Verdejo.<\/p>\n<p><strong>Ahora solo falta que prob\u00e9is la excelencia.<\/strong><br \/>\nPor todos vosotros disfrutones de vino, un a\u00f1o excelente para celebrar con Verdejo Pepa 2020, DO Rueda.<\/p>","protected":false},"excerpt":{"rendered":"<p>El pasado 2020 se dieron las condiciones perfectas e id\u00f3neas para poder definir la cosecha de ese a\u00f1o como excelente, hecho que solo ha sucedido 3 \u00fanicas veces en toda la historia de la Denominaci\u00f3n de Origen Rueda. \u00bfQu\u00e9 quiere decir excelente? Para que una cosecha sea denominada como excelente tienen que darse caracter\u00edsticas \u00fanicas [&hellip;]<\/p>","protected":false},"author":35,"featured_media":13403,"comment_status":"closed","ping_status":"closed","sticky":false,"template":"","format":"standard","meta":{"_acf_changed":false,"footnotes":""},"categories":[86],"tags":[],"class_list":["post-13402","post","type-post","status-publish","format-standard","has-post-thumbnail","hentry","category-vino"],"acf":[],"yoast_head":"<!-- This site is optimized with the Yoast SEO plugin v25.0 - https:\/\/yoast.com\/wordpress\/plugins\/seo\/ -->\n<title>Vinos con car\u00e1cter, vinos do rueda - Atelier de Vino<\/title>\n<meta name=\"robots\" content=\"index, follow, max-snippet:-1, max-image-preview:large, max-video-preview:-1\" \/>\n<link rel=\"canonical\" href=\"https:\/\/www.atelierdevino.com\/en\/vinos-con-caracter-vinos-do-rueda\/\" \/>\n<meta property=\"og:locale\" content=\"en_GB\" \/>\n<meta property=\"og:type\" content=\"article\" \/>\n<meta property=\"og:title\" content=\"Vinos con car\u00e1cter, vinos do rueda - Atelier de Vino\" \/>\n<meta property=\"og:description\" content=\"El pasado 2020 se dieron las condiciones perfectas e id\u00f3neas para poder definir la cosecha de ese a\u00f1o como excelente, hecho que solo ha sucedido 3 \u00fanicas veces en toda la historia de la Denominaci\u00f3n de Origen Rueda. \u00bfQu\u00e9 quiere decir excelente? Para que una cosecha sea denominada como excelente tienen que darse caracter\u00edsticas \u00fanicas [&hellip;]\" \/>\n<meta property=\"og:url\" content=\"https:\/\/www.atelierdevino.com\/en\/vinos-con-caracter-vinos-do-rueda\/\" \/>\n<meta property=\"og:site_name\" content=\"Atelier de Vino\" \/>\n<meta property=\"article:published_time\" content=\"2021-06-28T14:12:47+00:00\" \/>\n<meta property=\"article:modified_time\" content=\"2025-05-07T14:01:06+00:00\" \/>\n<meta property=\"og:image\" content=\"https:\/\/www.atelierdevino.com\/wp-content\/uploads\/2021\/06\/junio.jpg\" \/>\n\t<meta property=\"og:image:width\" content=\"1200\" \/>\n\t<meta property=\"og:image:height\" content=\"553\" \/>\n\t<meta property=\"og:image:type\" content=\"image\/jpeg\" \/>\n<meta name=\"author\" content=\"Juanma Victoria Donadeu\" \/>\n<meta name=\"twitter:card\" content=\"summary_large_image\" \/>\n<meta name=\"twitter:label1\" content=\"Written by\" \/>\n\t<meta name=\"twitter:data1\" content=\"Juanma Victoria Donadeu\" \/>\n\t<meta name=\"twitter:label2\" content=\"Estimated reading time\" \/>\n\t<meta name=\"twitter:data2\" content=\"1 minute\" \/>\n<script type=\"application\/ld+json\" class=\"yoast-schema-graph\">{\"@context\":\"https:\/\/schema.org\",\"@graph\":[{\"@type\":\"Article\",\"@id\":\"https:\/\/www.atelierdevino.com\/vinos-con-caracter-vinos-do-rueda\/#article\",\"isPartOf\":{\"@id\":\"https:\/\/www.atelierdevino.com\/vinos-con-caracter-vinos-do-rueda\/\"},\"author\":{\"name\":\"Juanma Victoria Donadeu\",\"@id\":\"https:\/\/www.atelierdevino.com\/#\/schema\/person\/3cfbe69ab95d47e6b91287dd9b59b624\"},\"headline\":\"Vinos con car\u00e1cter, vinos do rueda\",\"datePublished\":\"2021-06-28T14:12:47+00:00\",\"dateModified\":\"2025-05-07T14:01:06+00:00\",\"mainEntityOfPage\":{\"@id\":\"https:\/\/www.atelierdevino.com\/vinos-con-caracter-vinos-do-rueda\/\"},\"wordCount\":165,\"publisher\":{\"@id\":\"https:\/\/www.atelierdevino.com\/#organization\"},\"image\":{\"@id\":\"https:\/\/www.atelierdevino.com\/vinos-con-caracter-vinos-do-rueda\/#primaryimage\"},\"thumbnailUrl\":\"https:\/\/www.atelierdevino.com\/wp-content\/uploads\/2021\/06\/junio.jpg\",\"articleSection\":[\"Vino\"],\"inLanguage\":\"en-GB\"},{\"@type\":\"WebPage\",\"@id\":\"https:\/\/www.atelierdevino.com\/vinos-con-caracter-vinos-do-rueda\/\",\"url\":\"https:\/\/www.atelierdevino.com\/vinos-con-caracter-vinos-do-rueda\/\",\"name\":\"Vinos con car\u00e1cter, vinos do rueda - Atelier de Vino\",\"isPartOf\":{\"@id\":\"https:\/\/www.atelierdevino.com\/#website\"},\"primaryImageOfPage\":{\"@id\":\"https:\/\/www.atelierdevino.com\/vinos-con-caracter-vinos-do-rueda\/#primaryimage\"},\"image\":{\"@id\":\"https:\/\/www.atelierdevino.com\/vinos-con-caracter-vinos-do-rueda\/#primaryimage\"},\"thumbnailUrl\":\"https:\/\/www.atelierdevino.com\/wp-content\/uploads\/2021\/06\/junio.jpg\",\"datePublished\":\"2021-06-28T14:12:47+00:00\",\"dateModified\":\"2025-05-07T14:01:06+00:00\",\"breadcrumb\":{\"@id\":\"https:\/\/www.atelierdevino.com\/vinos-con-caracter-vinos-do-rueda\/#breadcrumb\"},\"inLanguage\":\"en-GB\",\"potentialAction\":[{\"@type\":\"ReadAction\",\"target\":[\"https:\/\/www.atelierdevino.com\/vinos-con-caracter-vinos-do-rueda\/\"]}]},{\"@type\":\"ImageObject\",\"inLanguage\":\"en-GB\",\"@id\":\"https:\/\/www.atelierdevino.com\/vinos-con-caracter-vinos-do-rueda\/#primaryimage\",\"url\":\"https:\/\/www.atelierdevino.com\/wp-content\/uploads\/2021\/06\/junio.jpg\",\"contentUrl\":\"https:\/\/www.atelierdevino.com\/wp-content\/uploads\/2021\/06\/junio.jpg\",\"width\":1200,\"height\":553},{\"@type\":\"BreadcrumbList\",\"@id\":\"https:\/\/www.atelierdevino.com\/vinos-con-caracter-vinos-do-rueda\/#breadcrumb\",\"itemListElement\":[{\"@type\":\"ListItem\",\"position\":1,\"name\":\"Portada\",\"item\":\"https:\/\/www.atelierdevino.com\/\"},{\"@type\":\"ListItem\",\"position\":2,\"name\":\"Vinos con car\u00e1cter, vinos do rueda\"}]},{\"@type\":\"WebSite\",\"@id\":\"https:\/\/www.atelierdevino.com\/#website\",\"url\":\"https:\/\/www.atelierdevino.com\/\",\"name\":\"Atelier de Vino\",\"description\":\"Vinos de Autor | Personalizaci\u00f3n de Vinos | Bodega Boutique\",\"publisher\":{\"@id\":\"https:\/\/www.atelierdevino.com\/#organization\"},\"potentialAction\":[{\"@type\":\"SearchAction\",\"target\":{\"@type\":\"EntryPoint\",\"urlTemplate\":\"https:\/\/www.atelierdevino.com\/?s={search_term_string}\"},\"query-input\":{\"@type\":\"PropertyValueSpecification\",\"valueRequired\":true,\"valueName\":\"search_term_string\"}}],\"inLanguage\":\"en-GB\"},{\"@type\":\"Organization\",\"@id\":\"https:\/\/www.atelierdevino.com\/#organization\",\"name\":\"Atelier de Vino\",\"url\":\"https:\/\/www.atelierdevino.com\/\",\"logo\":{\"@type\":\"ImageObject\",\"inLanguage\":\"en-GB\",\"@id\":\"https:\/\/www.atelierdevino.com\/#\/schema\/logo\/image\/\",\"url\":\"https:\/\/www.atelierdevino.com\/wp-content\/uploads\/2018\/10\/logo-big.png\",\"contentUrl\":\"https:\/\/www.atelierdevino.com\/wp-content\/uploads\/2018\/10\/logo-big.png\",\"width\":268,\"height\":342,\"caption\":\"Atelier de Vino\"},\"image\":{\"@id\":\"https:\/\/www.atelierdevino.com\/#\/schema\/logo\/image\/\"}},{\"@type\":\"Person\",\"@id\":\"https:\/\/www.atelierdevino.com\/#\/schema\/person\/3cfbe69ab95d47e6b91287dd9b59b624\",\"name\":\"Juanma Victoria Donadeu\",\"image\":{\"@type\":\"ImageObject\",\"inLanguage\":\"en-GB\",\"@id\":\"https:\/\/www.atelierdevino.com\/#\/schema\/person\/image\/\",\"url\":\"https:\/\/secure.gravatar.com\/avatar\/7e8428f16c833486a22048308bc39e9b1a6c4683a0d84d7bfabdbc7e6df45d96?s=96&d=mm&r=g\",\"contentUrl\":\"https:\/\/secure.gravatar.com\/avatar\/7e8428f16c833486a22048308bc39e9b1a6c4683a0d84d7bfabdbc7e6df45d96?s=96&d=mm&r=g\",\"caption\":\"Juanma Victoria Donadeu\"},\"url\":\"https:\/\/www.atelierdevino.com\/en\/author\/juanmavictoria\/\"}]}<\/script>\n<!-- \/ Yoast SEO plugin. -->","yoast_head_json":{"title":"Vinos con car\u00e1cter, vinos do rueda - Atelier de Vino","robots":{"index":"index","follow":"follow","max-snippet":"max-snippet:-1","max-image-preview":"max-image-preview:large","max-video-preview":"max-video-preview:-1"},"canonical":"https:\/\/www.atelierdevino.com\/en\/vinos-con-caracter-vinos-do-rueda\/","og_locale":"en_GB","og_type":"article","og_title":"Vinos con car\u00e1cter, vinos do rueda - Atelier de Vino","og_description":"El pasado 2020 se dieron las condiciones perfectas e id\u00f3neas para poder definir la cosecha de ese a\u00f1o como excelente, hecho que solo ha sucedido 3 \u00fanicas veces en toda la historia de la Denominaci\u00f3n de Origen Rueda. \u00bfQu\u00e9 quiere decir excelente? Para que una cosecha sea denominada como excelente tienen que darse caracter\u00edsticas \u00fanicas [&hellip;]","og_url":"https:\/\/www.atelierdevino.com\/en\/vinos-con-caracter-vinos-do-rueda\/","og_site_name":"Atelier de Vino","article_published_time":"2021-06-28T14:12:47+00:00","article_modified_time":"2025-05-07T14:01:06+00:00","og_image":[{"width":1200,"height":553,"url":"https:\/\/www.atelierdevino.com\/wp-content\/uploads\/2021\/06\/junio.jpg","type":"image\/jpeg"}],"author":"Juanma Victoria Donadeu","twitter_card":"summary_large_image","twitter_misc":{"Written by":"Juanma Victoria Donadeu","Estimated reading time":"1 minute"},"schema":{"@context":"https:\/\/schema.org","@graph":[{"@type":"Article","@id":"https:\/\/www.atelierdevino.com\/vinos-con-caracter-vinos-do-rueda\/#article","isPartOf":{"@id":"https:\/\/www.atelierdevino.com\/vinos-con-caracter-vinos-do-rueda\/"},"author":{"name":"Juanma Victoria Donadeu","@id":"https:\/\/www.atelierdevino.com\/#\/schema\/person\/3cfbe69ab95d47e6b91287dd9b59b624"},"headline":"Vinos con car\u00e1cter, vinos do rueda","datePublished":"2021-06-28T14:12:47+00:00","dateModified":"2025-05-07T14:01:06+00:00","mainEntityOfPage":{"@id":"https:\/\/www.atelierdevino.com\/vinos-con-caracter-vinos-do-rueda\/"},"wordCount":165,"publisher":{"@id":"https:\/\/www.atelierdevino.com\/#organization"},"image":{"@id":"https:\/\/www.atelierdevino.com\/vinos-con-caracter-vinos-do-rueda\/#primaryimage"},"thumbnailUrl":"https:\/\/www.atelierdevino.com\/wp-content\/uploads\/2021\/06\/junio.jpg","articleSection":["Vino"],"inLanguage":"en-GB"},{"@type":"WebPage","@id":"https:\/\/www.atelierdevino.com\/vinos-con-caracter-vinos-do-rueda\/","url":"https:\/\/www.atelierdevino.com\/vinos-con-caracter-vinos-do-rueda\/","name":"Vinos con car\u00e1cter, vinos do rueda - Atelier de Vino","isPartOf":{"@id":"https:\/\/www.atelierdevino.com\/#website"},"primaryImageOfPage":{"@id":"https:\/\/www.atelierdevino.com\/vinos-con-caracter-vinos-do-rueda\/#primaryimage"},"image":{"@id":"https:\/\/www.atelierdevino.com\/vinos-con-caracter-vinos-do-rueda\/#primaryimage"},"thumbnailUrl":"https:\/\/www.atelierdevino.com\/wp-content\/uploads\/2021\/06\/junio.jpg","datePublished":"2021-06-28T14:12:47+00:00","dateModified":"2025-05-07T14:01:06+00:00","breadcrumb":{"@id":"https:\/\/www.atelierdevino.com\/vinos-con-caracter-vinos-do-rueda\/#breadcrumb"},"inLanguage":"en-GB","potentialAction":[{"@type":"ReadAction","target":["https:\/\/www.atelierdevino.com\/vinos-con-caracter-vinos-do-rueda\/"]}]},{"@type":"ImageObject","inLanguage":"en-GB","@id":"https:\/\/www.atelierdevino.com\/vinos-con-caracter-vinos-do-rueda\/#primaryimage","url":"https:\/\/www.atelierdevino.com\/wp-content\/uploads\/2021\/06\/junio.jpg","contentUrl":"https:\/\/www.atelierdevino.com\/wp-content\/uploads\/2021\/06\/junio.jpg","width":1200,"height":553},{"@type":"BreadcrumbList","@id":"https:\/\/www.atelierdevino.com\/vinos-con-caracter-vinos-do-rueda\/#breadcrumb","itemListElement":[{"@type":"ListItem","position":1,"name":"Portada","item":"https:\/\/www.atelierdevino.com\/"},{"@type":"ListItem","position":2,"name":"Vinos con car\u00e1cter, vinos do rueda"}]},{"@type":"WebSite","@id":"https:\/\/www.atelierdevino.com\/#website","url":"https:\/\/www.atelierdevino.com\/","name":"Atelier de Vino","description":"Vinos de Autor | Personalizaci\u00f3n de Vinos | Bodega Boutique","publisher":{"@id":"https:\/\/www.atelierdevino.com\/#organization"},"potentialAction":[{"@type":"SearchAction","target":{"@type":"EntryPoint","urlTemplate":"https:\/\/www.atelierdevino.com\/?s={search_term_string}"},"query-input":{"@type":"PropertyValueSpecification","valueRequired":true,"valueName":"search_term_string"}}],"inLanguage":"en-GB"},{"@type":"Organization","@id":"https:\/\/www.atelierdevino.com\/#organization","name":"Atelier de Vino","url":"https:\/\/www.atelierdevino.com\/","logo":{"@type":"ImageObject","inLanguage":"en-GB","@id":"https:\/\/www.atelierdevino.com\/#\/schema\/logo\/image\/","url":"https:\/\/www.atelierdevino.com\/wp-content\/uploads\/2018\/10\/logo-big.png","contentUrl":"https:\/\/www.atelierdevino.com\/wp-content\/uploads\/2018\/10\/logo-big.png","width":268,"height":342,"caption":"Atelier de Vino"},"image":{"@id":"https:\/\/www.atelierdevino.com\/#\/schema\/logo\/image\/"}},{"@type":"Person","@id":"https:\/\/www.atelierdevino.com\/#\/schema\/person\/3cfbe69ab95d47e6b91287dd9b59b624","name":"Juanma Victoria Donadeu","image":{"@type":"ImageObject","inLanguage":"en-GB","@id":"https:\/\/www.atelierdevino.com\/#\/schema\/person\/image\/","url":"https:\/\/secure.gravatar.com\/avatar\/7e8428f16c833486a22048308bc39e9b1a6c4683a0d84d7bfabdbc7e6df45d96?s=96&d=mm&r=g","contentUrl":"https:\/\/secure.gravatar.com\/avatar\/7e8428f16c833486a22048308bc39e9b1a6c4683a0d84d7bfabdbc7e6df45d96?s=96&d=mm&r=g","caption":"Juanma Victoria Donadeu"},"url":"https:\/\/www.atelierdevino.com\/en\/author\/juanmavictoria\/"}]}},"_links":{"self":[{"href":"https:\/\/www.atelierdevino.com\/en\/wp-json\/wp\/v2\/posts\/13402","targetHints":{"allow":["GET"]}}],"collection":[{"href":"https:\/\/www.atelierdevino.com\/en\/wp-json\/wp\/v2\/posts"}],"about":[{"href":"https:\/\/www.atelierdevino.com\/en\/wp-json\/wp\/v2\/types\/post"}],"author":[{"embeddable":true,"href":"https:\/\/www.atelierdevino.com\/en\/wp-json\/wp\/v2\/users\/35"}],"replies":[{"embeddable":true,"href":"https:\/\/www.atelierdevino.com\/en\/wp-json\/wp\/v2\/comments?post=13402"}],"version-history":[{"count":1,"href":"https:\/\/www.atelierdevino.com\/en\/wp-json\/wp\/v2\/posts\/13402\/revisions"}],"predecessor-version":[{"id":13404,"href":"https:\/\/www.atelierdevino.com\/en\/wp-json\/wp\/v2\/posts\/13402\/revisions\/13404"}],"wp:featuredmedia":[{"embeddable":true,"href":"https:\/\/www.atelierdevino.com\/en\/wp-json\/wp\/v2\/media\/13403"}],"wp:attachment":[{"href":"https:\/\/www.atelierdevino.com\/en\/wp-json\/wp\/v2\/media?parent=13402"}],"wp:term":[{"taxonomy":"category","embeddable":true,"href":"https:\/\/www.atelierdevino.com\/en\/wp-json\/wp\/v2\/categories?post=13402"},{"taxonomy":"post_tag","embeddable":true,"href":"https:\/\/www.atelierdevino.com\/en\/wp-json\/wp\/v2\/tags?post=13402"}],"curies":[{"name":"wp","href":"https:\/\/api.w.org\/{rel}","templated":true}]}}