{"id":13340,"date":"2021-02-22T13:17:31","date_gmt":"2021-02-22T12:17:31","guid":{"rendered":"https:\/\/www.atelierdevino.com\/?p=13340"},"modified":"2025-05-07T16:01:23","modified_gmt":"2025-05-07T14:01:23","slug":"te-imaginas-que-el-vino-ayudase-a-frenar-la-covid-19","status":"publish","type":"post","link":"https:\/\/www.atelierdevino.com\/en\/te-imaginas-que-el-vino-ayudase-a-frenar-la-covid-19\/","title":{"rendered":"\u00bfTe imaginas que el vino ayudase a frenar la Covid-19?"},"content":{"rendered":"<p>Ser\u00eda genial, \u00bfVerdad?<\/p>\n<p>Como buenos disfrutones, tenemos recopilados muy buenos momentos en los cuales, el vino, es uno de nuestros protagonistas fundamentales, y seguro que en m\u00e1s que otra ocasi\u00f3n tambi\u00e9n habr\u00e9is pensado: qu\u00e9 superpoderes tendr\u00e1\u2026 Pues esta vez, se est\u00e1 intentando demostrar su efectividad pero en una situaci\u00f3n bastante adversa a la que estamos acostumbrados a visualizar con el vino, ya que se trata de la crisis sanitaria actual.<\/p>\n<p>Seg\u00fan public\u00f3 La Raz\u00f3n el pasado 18\/02\/2021, un estudio realizado por investigadores estadounidenses, ha logrado demostrar el potencial que puede llegar a suponer el \u00e1cido t\u00e1nico, presente en el vino, como agente clave para obstaculizar la r\u00e9plica y propagaci\u00f3n del virus SARS &#8211; Cov2.<\/p>\n<p>Como todo, en lo relativo a lo que estamos viviendo en esta pandemia, no podemos afirmar qu\u00e9 suceder\u00e1, o cu\u00e1n verdadero es el potencial encontrado en los polifenoles presentes en las uvas y el vino. Aunque s\u00ed podemos confirmar que el plan inicial de la investigaci\u00f3n para combatir el virus se basa en la busca de compuestos naturales y nos contentar\u00eda que verdaderamente alguno de los indicios inhibidores para frenar la delicada y larga situaci\u00f3n actual procedieran del vino.<\/p>\n<p>Desde Atelier de Vino, os recomendamos que os vay\u00e1is poniendo una copa de vino por si se llega a demostrar la efectividad de las hip\u00f3tesis planteadas, as\u00ed como tambi\u00e9n venerar que cada vez estamos m\u00e1s cerca de superar todo lo que hemos estado viviendo y estamos seguros que cuando menos lo esperemos, volveremos a brindar abraz\u00e1ndonos a los nuestros.<\/p>","protected":false},"excerpt":{"rendered":"<p>Ser\u00eda genial, \u00bfVerdad? Como buenos disfrutones, tenemos recopilados muy buenos momentos en los cuales, el vino, es uno de nuestros protagonistas fundamentales, y seguro que en m\u00e1s que otra ocasi\u00f3n tambi\u00e9n habr\u00e9is pensado: qu\u00e9 superpoderes tendr\u00e1\u2026 Pues esta vez, se est\u00e1 intentando demostrar su efectividad pero en una situaci\u00f3n bastante adversa a la que estamos [&hellip;]<\/p>","protected":false},"author":35,"featured_media":13343,"comment_status":"closed","ping_status":"closed","sticky":false,"template":"","format":"standard","meta":{"_acf_changed":false,"footnotes":""},"categories":[83,90,226],"tags":[],"class_list":["post-13340","post","type-post","status-publish","format-standard","has-post-thumbnail","hentry","category-bodega","category-elaboracion","category-vino-es"],"acf":[],"yoast_head":"<!-- This site is optimized with the Yoast SEO plugin v25.0 - https:\/\/yoast.com\/wordpress\/plugins\/seo\/ -->\n<title>\u00bfTe imaginas que el vino ayudase a frenar la Covid-19? - Atelier de Vino<\/title>\n<meta name=\"robots\" content=\"index, follow, max-snippet:-1, max-image-preview:large, max-video-preview:-1\" \/>\n<link rel=\"canonical\" href=\"https:\/\/www.atelierdevino.com\/en\/te-imaginas-que-el-vino-ayudase-a-frenar-la-covid-19\/\" \/>\n<meta property=\"og:locale\" content=\"en_GB\" \/>\n<meta property=\"og:type\" content=\"article\" \/>\n<meta property=\"og:title\" content=\"\u00bfTe imaginas que el vino ayudase a frenar la Covid-19? - Atelier de Vino\" \/>\n<meta property=\"og:description\" content=\"Ser\u00eda genial, \u00bfVerdad? Como buenos disfrutones, tenemos recopilados muy buenos momentos en los cuales, el vino, es uno de nuestros protagonistas fundamentales, y seguro que en m\u00e1s que otra ocasi\u00f3n tambi\u00e9n habr\u00e9is pensado: qu\u00e9 superpoderes tendr\u00e1\u2026 Pues esta vez, se est\u00e1 intentando demostrar su efectividad pero en una situaci\u00f3n bastante adversa a la que estamos [&hellip;]\" \/>\n<meta property=\"og:url\" content=\"https:\/\/www.atelierdevino.com\/en\/te-imaginas-que-el-vino-ayudase-a-frenar-la-covid-19\/\" \/>\n<meta property=\"og:site_name\" content=\"Atelier de Vino\" \/>\n<meta property=\"article:published_time\" content=\"2021-02-22T12:17:31+00:00\" \/>\n<meta property=\"article:modified_time\" content=\"2025-05-07T14:01:23+00:00\" \/>\n<meta property=\"og:image\" content=\"https:\/\/www.atelierdevino.com\/wp-content\/uploads\/2021\/02\/covid19.jpg\" \/>\n\t<meta property=\"og:image:width\" content=\"1200\" \/>\n\t<meta property=\"og:image:height\" content=\"553\" \/>\n\t<meta property=\"og:image:type\" content=\"image\/jpeg\" \/>\n<meta name=\"author\" content=\"Juanma Victoria Donadeu\" \/>\n<meta name=\"twitter:card\" content=\"summary_large_image\" \/>\n<meta name=\"twitter:label1\" content=\"Written by\" \/>\n\t<meta name=\"twitter:data1\" content=\"Juanma Victoria Donadeu\" \/>\n\t<meta name=\"twitter:label2\" content=\"Estimated reading time\" \/>\n\t<meta name=\"twitter:data2\" content=\"2 minutes\" \/>\n<script type=\"application\/ld+json\" class=\"yoast-schema-graph\">{\"@context\":\"https:\/\/schema.org\",\"@graph\":[{\"@type\":\"Article\",\"@id\":\"https:\/\/www.atelierdevino.com\/te-imaginas-que-el-vino-ayudase-a-frenar-la-covid-19\/#article\",\"isPartOf\":{\"@id\":\"https:\/\/www.atelierdevino.com\/te-imaginas-que-el-vino-ayudase-a-frenar-la-covid-19\/\"},\"author\":{\"name\":\"Juanma Victoria Donadeu\",\"@id\":\"https:\/\/www.atelierdevino.com\/#\/schema\/person\/3cfbe69ab95d47e6b91287dd9b59b624\"},\"headline\":\"\u00bfTe imaginas que el vino ayudase a frenar la Covid-19?\",\"datePublished\":\"2021-02-22T12:17:31+00:00\",\"dateModified\":\"2025-05-07T14:01:23+00:00\",\"mainEntityOfPage\":{\"@id\":\"https:\/\/www.atelierdevino.com\/te-imaginas-que-el-vino-ayudase-a-frenar-la-covid-19\/\"},\"wordCount\":281,\"publisher\":{\"@id\":\"https:\/\/www.atelierdevino.com\/#organization\"},\"image\":{\"@id\":\"https:\/\/www.atelierdevino.com\/te-imaginas-que-el-vino-ayudase-a-frenar-la-covid-19\/#primaryimage\"},\"thumbnailUrl\":\"https:\/\/www.atelierdevino.com\/wp-content\/uploads\/2021\/02\/covid19.jpg\",\"articleSection\":[\"Bodega\",\"Elaboraci\u00f3n\",\"Vino\"],\"inLanguage\":\"en-GB\"},{\"@type\":\"WebPage\",\"@id\":\"https:\/\/www.atelierdevino.com\/te-imaginas-que-el-vino-ayudase-a-frenar-la-covid-19\/\",\"url\":\"https:\/\/www.atelierdevino.com\/te-imaginas-que-el-vino-ayudase-a-frenar-la-covid-19\/\",\"name\":\"\u00bfTe imaginas que el vino ayudase a frenar la Covid-19? - Atelier de Vino\",\"isPartOf\":{\"@id\":\"https:\/\/www.atelierdevino.com\/#website\"},\"primaryImageOfPage\":{\"@id\":\"https:\/\/www.atelierdevino.com\/te-imaginas-que-el-vino-ayudase-a-frenar-la-covid-19\/#primaryimage\"},\"image\":{\"@id\":\"https:\/\/www.atelierdevino.com\/te-imaginas-que-el-vino-ayudase-a-frenar-la-covid-19\/#primaryimage\"},\"thumbnailUrl\":\"https:\/\/www.atelierdevino.com\/wp-content\/uploads\/2021\/02\/covid19.jpg\",\"datePublished\":\"2021-02-22T12:17:31+00:00\",\"dateModified\":\"2025-05-07T14:01:23+00:00\",\"breadcrumb\":{\"@id\":\"https:\/\/www.atelierdevino.com\/te-imaginas-que-el-vino-ayudase-a-frenar-la-covid-19\/#breadcrumb\"},\"inLanguage\":\"en-GB\",\"potentialAction\":[{\"@type\":\"ReadAction\",\"target\":[\"https:\/\/www.atelierdevino.com\/te-imaginas-que-el-vino-ayudase-a-frenar-la-covid-19\/\"]}]},{\"@type\":\"ImageObject\",\"inLanguage\":\"en-GB\",\"@id\":\"https:\/\/www.atelierdevino.com\/te-imaginas-que-el-vino-ayudase-a-frenar-la-covid-19\/#primaryimage\",\"url\":\"https:\/\/www.atelierdevino.com\/wp-content\/uploads\/2021\/02\/covid19.jpg\",\"contentUrl\":\"https:\/\/www.atelierdevino.com\/wp-content\/uploads\/2021\/02\/covid19.jpg\",\"width\":1200,\"height\":553,\"caption\":\"Atelier de Vino\"},{\"@type\":\"BreadcrumbList\",\"@id\":\"https:\/\/www.atelierdevino.com\/te-imaginas-que-el-vino-ayudase-a-frenar-la-covid-19\/#breadcrumb\",\"itemListElement\":[{\"@type\":\"ListItem\",\"position\":1,\"name\":\"Portada\",\"item\":\"https:\/\/www.atelierdevino.com\/\"},{\"@type\":\"ListItem\",\"position\":2,\"name\":\"\u00bfTe imaginas que el vino ayudase a frenar la Covid-19?\"}]},{\"@type\":\"WebSite\",\"@id\":\"https:\/\/www.atelierdevino.com\/#website\",\"url\":\"https:\/\/www.atelierdevino.com\/\",\"name\":\"Atelier de Vino\",\"description\":\"Vinos de Autor | Personalizaci\u00f3n de Vinos | Bodega Boutique\",\"publisher\":{\"@id\":\"https:\/\/www.atelierdevino.com\/#organization\"},\"potentialAction\":[{\"@type\":\"SearchAction\",\"target\":{\"@type\":\"EntryPoint\",\"urlTemplate\":\"https:\/\/www.atelierdevino.com\/?s={search_term_string}\"},\"query-input\":{\"@type\":\"PropertyValueSpecification\",\"valueRequired\":true,\"valueName\":\"search_term_string\"}}],\"inLanguage\":\"en-GB\"},{\"@type\":\"Organization\",\"@id\":\"https:\/\/www.atelierdevino.com\/#organization\",\"name\":\"Atelier de Vino\",\"url\":\"https:\/\/www.atelierdevino.com\/\",\"logo\":{\"@type\":\"ImageObject\",\"inLanguage\":\"en-GB\",\"@id\":\"https:\/\/www.atelierdevino.com\/#\/schema\/logo\/image\/\",\"url\":\"https:\/\/www.atelierdevino.com\/wp-content\/uploads\/2018\/10\/logo-big.png\",\"contentUrl\":\"https:\/\/www.atelierdevino.com\/wp-content\/uploads\/2018\/10\/logo-big.png\",\"width\":268,\"height\":342,\"caption\":\"Atelier de Vino\"},\"image\":{\"@id\":\"https:\/\/www.atelierdevino.com\/#\/schema\/logo\/image\/\"}},{\"@type\":\"Person\",\"@id\":\"https:\/\/www.atelierdevino.com\/#\/schema\/person\/3cfbe69ab95d47e6b91287dd9b59b624\",\"name\":\"Juanma Victoria Donadeu\",\"image\":{\"@type\":\"ImageObject\",\"inLanguage\":\"en-GB\",\"@id\":\"https:\/\/www.atelierdevino.com\/#\/schema\/person\/image\/\",\"url\":\"https:\/\/secure.gravatar.com\/avatar\/7e8428f16c833486a22048308bc39e9b1a6c4683a0d84d7bfabdbc7e6df45d96?s=96&d=mm&r=g\",\"contentUrl\":\"https:\/\/secure.gravatar.com\/avatar\/7e8428f16c833486a22048308bc39e9b1a6c4683a0d84d7bfabdbc7e6df45d96?s=96&d=mm&r=g\",\"caption\":\"Juanma Victoria Donadeu\"},\"url\":\"https:\/\/www.atelierdevino.com\/en\/author\/juanmavictoria\/\"}]}<\/script>\n<!-- \/ Yoast SEO plugin. -->","yoast_head_json":{"title":"\u00bfTe imaginas que el vino ayudase a frenar la Covid-19? - Atelier de Vino","robots":{"index":"index","follow":"follow","max-snippet":"max-snippet:-1","max-image-preview":"max-image-preview:large","max-video-preview":"max-video-preview:-1"},"canonical":"https:\/\/www.atelierdevino.com\/en\/te-imaginas-que-el-vino-ayudase-a-frenar-la-covid-19\/","og_locale":"en_GB","og_type":"article","og_title":"\u00bfTe imaginas que el vino ayudase a frenar la Covid-19? - Atelier de Vino","og_description":"Ser\u00eda genial, \u00bfVerdad? Como buenos disfrutones, tenemos recopilados muy buenos momentos en los cuales, el vino, es uno de nuestros protagonistas fundamentales, y seguro que en m\u00e1s que otra ocasi\u00f3n tambi\u00e9n habr\u00e9is pensado: qu\u00e9 superpoderes tendr\u00e1\u2026 Pues esta vez, se est\u00e1 intentando demostrar su efectividad pero en una situaci\u00f3n bastante adversa a la que estamos [&hellip;]","og_url":"https:\/\/www.atelierdevino.com\/en\/te-imaginas-que-el-vino-ayudase-a-frenar-la-covid-19\/","og_site_name":"Atelier de Vino","article_published_time":"2021-02-22T12:17:31+00:00","article_modified_time":"2025-05-07T14:01:23+00:00","og_image":[{"width":1200,"height":553,"url":"https:\/\/www.atelierdevino.com\/wp-content\/uploads\/2021\/02\/covid19.jpg","type":"image\/jpeg"}],"author":"Juanma Victoria Donadeu","twitter_card":"summary_large_image","twitter_misc":{"Written by":"Juanma Victoria Donadeu","Estimated reading time":"2 minutes"},"schema":{"@context":"https:\/\/schema.org","@graph":[{"@type":"Article","@id":"https:\/\/www.atelierdevino.com\/te-imaginas-que-el-vino-ayudase-a-frenar-la-covid-19\/#article","isPartOf":{"@id":"https:\/\/www.atelierdevino.com\/te-imaginas-que-el-vino-ayudase-a-frenar-la-covid-19\/"},"author":{"name":"Juanma Victoria Donadeu","@id":"https:\/\/www.atelierdevino.com\/#\/schema\/person\/3cfbe69ab95d47e6b91287dd9b59b624"},"headline":"\u00bfTe imaginas que el vino ayudase a frenar la Covid-19?","datePublished":"2021-02-22T12:17:31+00:00","dateModified":"2025-05-07T14:01:23+00:00","mainEntityOfPage":{"@id":"https:\/\/www.atelierdevino.com\/te-imaginas-que-el-vino-ayudase-a-frenar-la-covid-19\/"},"wordCount":281,"publisher":{"@id":"https:\/\/www.atelierdevino.com\/#organization"},"image":{"@id":"https:\/\/www.atelierdevino.com\/te-imaginas-que-el-vino-ayudase-a-frenar-la-covid-19\/#primaryimage"},"thumbnailUrl":"https:\/\/www.atelierdevino.com\/wp-content\/uploads\/2021\/02\/covid19.jpg","articleSection":["Bodega","Elaboraci\u00f3n","Vino"],"inLanguage":"en-GB"},{"@type":"WebPage","@id":"https:\/\/www.atelierdevino.com\/te-imaginas-que-el-vino-ayudase-a-frenar-la-covid-19\/","url":"https:\/\/www.atelierdevino.com\/te-imaginas-que-el-vino-ayudase-a-frenar-la-covid-19\/","name":"\u00bfTe imaginas que el vino ayudase a frenar la Covid-19? - Atelier de Vino","isPartOf":{"@id":"https:\/\/www.atelierdevino.com\/#website"},"primaryImageOfPage":{"@id":"https:\/\/www.atelierdevino.com\/te-imaginas-que-el-vino-ayudase-a-frenar-la-covid-19\/#primaryimage"},"image":{"@id":"https:\/\/www.atelierdevino.com\/te-imaginas-que-el-vino-ayudase-a-frenar-la-covid-19\/#primaryimage"},"thumbnailUrl":"https:\/\/www.atelierdevino.com\/wp-content\/uploads\/2021\/02\/covid19.jpg","datePublished":"2021-02-22T12:17:31+00:00","dateModified":"2025-05-07T14:01:23+00:00","breadcrumb":{"@id":"https:\/\/www.atelierdevino.com\/te-imaginas-que-el-vino-ayudase-a-frenar-la-covid-19\/#breadcrumb"},"inLanguage":"en-GB","potentialAction":[{"@type":"ReadAction","target":["https:\/\/www.atelierdevino.com\/te-imaginas-que-el-vino-ayudase-a-frenar-la-covid-19\/"]}]},{"@type":"ImageObject","inLanguage":"en-GB","@id":"https:\/\/www.atelierdevino.com\/te-imaginas-que-el-vino-ayudase-a-frenar-la-covid-19\/#primaryimage","url":"https:\/\/www.atelierdevino.com\/wp-content\/uploads\/2021\/02\/covid19.jpg","contentUrl":"https:\/\/www.atelierdevino.com\/wp-content\/uploads\/2021\/02\/covid19.jpg","width":1200,"height":553,"caption":"Atelier de Vino"},{"@type":"BreadcrumbList","@id":"https:\/\/www.atelierdevino.com\/te-imaginas-que-el-vino-ayudase-a-frenar-la-covid-19\/#breadcrumb","itemListElement":[{"@type":"ListItem","position":1,"name":"Portada","item":"https:\/\/www.atelierdevino.com\/"},{"@type":"ListItem","position":2,"name":"\u00bfTe imaginas que el vino ayudase a frenar la Covid-19?"}]},{"@type":"WebSite","@id":"https:\/\/www.atelierdevino.com\/#website","url":"https:\/\/www.atelierdevino.com\/","name":"Atelier de Vino","description":"Vinos de Autor | Personalizaci\u00f3n de Vinos | Bodega Boutique","publisher":{"@id":"https:\/\/www.atelierdevino.com\/#organization"},"potentialAction":[{"@type":"SearchAction","target":{"@type":"EntryPoint","urlTemplate":"https:\/\/www.atelierdevino.com\/?s={search_term_string}"},"query-input":{"@type":"PropertyValueSpecification","valueRequired":true,"valueName":"search_term_string"}}],"inLanguage":"en-GB"},{"@type":"Organization","@id":"https:\/\/www.atelierdevino.com\/#organization","name":"Atelier de Vino","url":"https:\/\/www.atelierdevino.com\/","logo":{"@type":"ImageObject","inLanguage":"en-GB","@id":"https:\/\/www.atelierdevino.com\/#\/schema\/logo\/image\/","url":"https:\/\/www.atelierdevino.com\/wp-content\/uploads\/2018\/10\/logo-big.png","contentUrl":"https:\/\/www.atelierdevino.com\/wp-content\/uploads\/2018\/10\/logo-big.png","width":268,"height":342,"caption":"Atelier de Vino"},"image":{"@id":"https:\/\/www.atelierdevino.com\/#\/schema\/logo\/image\/"}},{"@type":"Person","@id":"https:\/\/www.atelierdevino.com\/#\/schema\/person\/3cfbe69ab95d47e6b91287dd9b59b624","name":"Juanma Victoria Donadeu","image":{"@type":"ImageObject","inLanguage":"en-GB","@id":"https:\/\/www.atelierdevino.com\/#\/schema\/person\/image\/","url":"https:\/\/secure.gravatar.com\/avatar\/7e8428f16c833486a22048308bc39e9b1a6c4683a0d84d7bfabdbc7e6df45d96?s=96&d=mm&r=g","contentUrl":"https:\/\/secure.gravatar.com\/avatar\/7e8428f16c833486a22048308bc39e9b1a6c4683a0d84d7bfabdbc7e6df45d96?s=96&d=mm&r=g","caption":"Juanma Victoria Donadeu"},"url":"https:\/\/www.atelierdevino.com\/en\/author\/juanmavictoria\/"}]}},"_links":{"self":[{"href":"https:\/\/www.atelierdevino.com\/en\/wp-json\/wp\/v2\/posts\/13340","targetHints":{"allow":["GET"]}}],"collection":[{"href":"https:\/\/www.atelierdevino.com\/en\/wp-json\/wp\/v2\/posts"}],"about":[{"href":"https:\/\/www.atelierdevino.com\/en\/wp-json\/wp\/v2\/types\/post"}],"author":[{"embeddable":true,"href":"https:\/\/www.atelierdevino.com\/en\/wp-json\/wp\/v2\/users\/35"}],"replies":[{"embeddable":true,"href":"https:\/\/www.atelierdevino.com\/en\/wp-json\/wp\/v2\/comments?post=13340"}],"version-history":[{"count":1,"href":"https:\/\/www.atelierdevino.com\/en\/wp-json\/wp\/v2\/posts\/13340\/revisions"}],"predecessor-version":[{"id":13342,"href":"https:\/\/www.atelierdevino.com\/en\/wp-json\/wp\/v2\/posts\/13340\/revisions\/13342"}],"wp:featuredmedia":[{"embeddable":true,"href":"https:\/\/www.atelierdevino.com\/en\/wp-json\/wp\/v2\/media\/13343"}],"wp:attachment":[{"href":"https:\/\/www.atelierdevino.com\/en\/wp-json\/wp\/v2\/media?parent=13340"}],"wp:term":[{"taxonomy":"category","embeddable":true,"href":"https:\/\/www.atelierdevino.com\/en\/wp-json\/wp\/v2\/categories?post=13340"},{"taxonomy":"post_tag","embeddable":true,"href":"https:\/\/www.atelierdevino.com\/en\/wp-json\/wp\/v2\/tags?post=13340"}],"curies":[{"name":"wp","href":"https:\/\/api.w.org\/{rel}","templated":true}]}}