{"id":13296,"date":"2020-12-22T05:40:10","date_gmt":"2020-12-22T04:40:10","guid":{"rendered":"https:\/\/www.atelierdevino.com\/?p=13296"},"modified":"2025-05-07T16:01:27","modified_gmt":"2025-05-07T14:01:27","slug":"mapping-me","status":"publish","type":"post","link":"https:\/\/www.atelierdevino.com\/en\/mapping-me\/","title":{"rendered":"Mapping Me"},"content":{"rendered":"<p>\u00a1Somos patrocinadores del Mapping Me! Un Festival de Videoarte y Mapping de Castilla y Le\u00f3n que se celebra este fin de semana en el \u201cMatadero\u00bb de nuestra Comunidad Aut\u00f3noma.<\/p>\n<p>El motivo principal que nos ha impulsado a ser part\u00edcipes de este evento, es poner en valor el patrimonio hist\u00f3rico mediante la iniciativa de realizar espect\u00e1culo y creaciones en tres dimensiones de los artistas invitados usando como lienzo las fachadas de los edificios m\u00e1s emblem\u00e1ticos de nuestra localidad.<\/p>\n<p>Como no podr\u00eda haber mejor elecci\u00f3n para estos pr\u00f3ximos d\u00edas 19 y 20 de diciembre, el candidato id\u00f3neo para la ocasi\u00f3n ha sido el Antiguo Hospital, un edificio herrer\u00edano que fue construido en el siglo XVI por el mercader y banquero Sim\u00f3n Ruiz con el fin de aunar los numerosos albergues y hospitales que hab\u00eda por aquel entonces.<\/p>\n<p>La actual restauraci\u00f3n del hospital adem\u00e1s de por su ejemplar impacto patrimonial busca ser el referente en cuanto a innovaci\u00f3n y funcionar\u00e1 como principal motor de desarrollo econ\u00f3mico de Medina del Campo ya que realizar\u00e1 servicios tales como formaci\u00f3n, promoci\u00f3n e innovaci\u00f3n para las empresas con la finalidad de generar empleo e impulsar el emprendimiento.<\/p>\n<p>En nuestro caso, Atelier de Vino, comprometidos con la tradici\u00f3n y el buen hacer, cuidando cada detalle en todas las fases del proceso de vinificaci\u00f3n, nos hemos propuesto participar de manera l\u00fadica realizando talleres y workshops con el fin de acercar el mundo del vino, as\u00ed como destacar el valor de nuestra visi\u00f3n en cuanto a la producci\u00f3n de los vinos D.O. Rueda.<\/p>\n<p>Aprovechando que finaliza el a\u00f1o, recordaros que un buen vino necesita su elaboraci\u00f3n para que se disfrute en aquellos buenos momentos como se merece. Por ello, hemos lanzado una edici\u00f3n limitada de nuestro vino tinto \u201cKarimina 2016\u201d en formato Magnum para que pod\u00e1is disfrutar estas fiestas de la mejor manera posible.<\/p>\n<p>Desde nuestro equipo de Atelier de Vino os deseamos \u00a1Felices fiestas!<\/p>","protected":false},"excerpt":{"rendered":"<p>\u00a1Somos patrocinadores del Mapping Me! Un Festival de Videoarte y Mapping de Castilla y Le\u00f3n que se celebra este fin de semana en el \u201cMatadero\u00bb de nuestra Comunidad Aut\u00f3noma. El motivo principal que nos ha impulsado a ser part\u00edcipes de este evento, es poner en valor el patrimonio hist\u00f3rico mediante la iniciativa de realizar espect\u00e1culo [&hellip;]<\/p>","protected":false},"author":35,"featured_media":13297,"comment_status":"closed","ping_status":"closed","sticky":false,"template":"","format":"standard","meta":{"_acf_changed":false,"footnotes":""},"categories":[83,90,226],"tags":[],"class_list":["post-13296","post","type-post","status-publish","format-standard","has-post-thumbnail","hentry","category-bodega","category-elaboracion","category-vino-es"],"acf":[],"yoast_head":"<!-- This site is optimized with the Yoast SEO plugin v25.0 - https:\/\/yoast.com\/wordpress\/plugins\/seo\/ -->\n<title>Mapping Me - Atelier de Vino<\/title>\n<meta name=\"robots\" content=\"index, follow, max-snippet:-1, max-image-preview:large, max-video-preview:-1\" \/>\n<link rel=\"canonical\" href=\"https:\/\/www.atelierdevino.com\/en\/mapping-me\/\" \/>\n<meta property=\"og:locale\" content=\"en_GB\" \/>\n<meta property=\"og:type\" content=\"article\" \/>\n<meta property=\"og:title\" content=\"Mapping Me - Atelier de Vino\" \/>\n<meta property=\"og:description\" content=\"\u00a1Somos patrocinadores del Mapping Me! Un Festival de Videoarte y Mapping de Castilla y Le\u00f3n que se celebra este fin de semana en el \u201cMatadero\u00bb de nuestra Comunidad Aut\u00f3noma. El motivo principal que nos ha impulsado a ser part\u00edcipes de este evento, es poner en valor el patrimonio hist\u00f3rico mediante la iniciativa de realizar espect\u00e1culo [&hellip;]\" \/>\n<meta property=\"og:url\" content=\"https:\/\/www.atelierdevino.com\/en\/mapping-me\/\" \/>\n<meta property=\"og:site_name\" content=\"Atelier de Vino\" \/>\n<meta property=\"article:published_time\" content=\"2020-12-22T04:40:10+00:00\" \/>\n<meta property=\"article:modified_time\" content=\"2025-05-07T14:01:27+00:00\" \/>\n<meta property=\"og:image\" content=\"https:\/\/www.atelierdevino.com\/wp-content\/uploads\/2020\/12\/diciembre.jpg\" \/>\n\t<meta property=\"og:image:width\" content=\"1200\" \/>\n\t<meta property=\"og:image:height\" content=\"553\" \/>\n\t<meta property=\"og:image:type\" content=\"image\/jpeg\" \/>\n<meta name=\"author\" content=\"Juanma Victoria Donadeu\" \/>\n<meta name=\"twitter:card\" content=\"summary_large_image\" \/>\n<meta name=\"twitter:label1\" content=\"Written by\" \/>\n\t<meta name=\"twitter:data1\" content=\"Juanma Victoria Donadeu\" \/>\n\t<meta name=\"twitter:label2\" content=\"Estimated reading time\" \/>\n\t<meta name=\"twitter:data2\" content=\"2 minutes\" \/>\n<script type=\"application\/ld+json\" class=\"yoast-schema-graph\">{\"@context\":\"https:\/\/schema.org\",\"@graph\":[{\"@type\":\"Article\",\"@id\":\"https:\/\/www.atelierdevino.com\/mapping-me\/#article\",\"isPartOf\":{\"@id\":\"https:\/\/www.atelierdevino.com\/mapping-me\/\"},\"author\":{\"name\":\"Juanma Victoria Donadeu\",\"@id\":\"https:\/\/www.atelierdevino.com\/#\/schema\/person\/3cfbe69ab95d47e6b91287dd9b59b624\"},\"headline\":\"Mapping Me\",\"datePublished\":\"2020-12-22T04:40:10+00:00\",\"dateModified\":\"2025-05-07T14:01:27+00:00\",\"mainEntityOfPage\":{\"@id\":\"https:\/\/www.atelierdevino.com\/mapping-me\/\"},\"wordCount\":347,\"publisher\":{\"@id\":\"https:\/\/www.atelierdevino.com\/#organization\"},\"image\":{\"@id\":\"https:\/\/www.atelierdevino.com\/mapping-me\/#primaryimage\"},\"thumbnailUrl\":\"https:\/\/www.atelierdevino.com\/wp-content\/uploads\/2020\/12\/diciembre.jpg\",\"articleSection\":[\"Bodega\",\"Elaboraci\u00f3n\",\"Vino\"],\"inLanguage\":\"en-GB\"},{\"@type\":\"WebPage\",\"@id\":\"https:\/\/www.atelierdevino.com\/mapping-me\/\",\"url\":\"https:\/\/www.atelierdevino.com\/mapping-me\/\",\"name\":\"Mapping Me - Atelier de Vino\",\"isPartOf\":{\"@id\":\"https:\/\/www.atelierdevino.com\/#website\"},\"primaryImageOfPage\":{\"@id\":\"https:\/\/www.atelierdevino.com\/mapping-me\/#primaryimage\"},\"image\":{\"@id\":\"https:\/\/www.atelierdevino.com\/mapping-me\/#primaryimage\"},\"thumbnailUrl\":\"https:\/\/www.atelierdevino.com\/wp-content\/uploads\/2020\/12\/diciembre.jpg\",\"datePublished\":\"2020-12-22T04:40:10+00:00\",\"dateModified\":\"2025-05-07T14:01:27+00:00\",\"breadcrumb\":{\"@id\":\"https:\/\/www.atelierdevino.com\/mapping-me\/#breadcrumb\"},\"inLanguage\":\"en-GB\",\"potentialAction\":[{\"@type\":\"ReadAction\",\"target\":[\"https:\/\/www.atelierdevino.com\/mapping-me\/\"]}]},{\"@type\":\"ImageObject\",\"inLanguage\":\"en-GB\",\"@id\":\"https:\/\/www.atelierdevino.com\/mapping-me\/#primaryimage\",\"url\":\"https:\/\/www.atelierdevino.com\/wp-content\/uploads\/2020\/12\/diciembre.jpg\",\"contentUrl\":\"https:\/\/www.atelierdevino.com\/wp-content\/uploads\/2020\/12\/diciembre.jpg\",\"width\":1200,\"height\":553,\"caption\":\"Atelier de Vino\"},{\"@type\":\"BreadcrumbList\",\"@id\":\"https:\/\/www.atelierdevino.com\/mapping-me\/#breadcrumb\",\"itemListElement\":[{\"@type\":\"ListItem\",\"position\":1,\"name\":\"Portada\",\"item\":\"https:\/\/www.atelierdevino.com\/\"},{\"@type\":\"ListItem\",\"position\":2,\"name\":\"Mapping Me\"}]},{\"@type\":\"WebSite\",\"@id\":\"https:\/\/www.atelierdevino.com\/#website\",\"url\":\"https:\/\/www.atelierdevino.com\/\",\"name\":\"Atelier de Vino\",\"description\":\"Vinos de Autor | Personalizaci\u00f3n de Vinos | Bodega Boutique\",\"publisher\":{\"@id\":\"https:\/\/www.atelierdevino.com\/#organization\"},\"potentialAction\":[{\"@type\":\"SearchAction\",\"target\":{\"@type\":\"EntryPoint\",\"urlTemplate\":\"https:\/\/www.atelierdevino.com\/?s={search_term_string}\"},\"query-input\":{\"@type\":\"PropertyValueSpecification\",\"valueRequired\":true,\"valueName\":\"search_term_string\"}}],\"inLanguage\":\"en-GB\"},{\"@type\":\"Organization\",\"@id\":\"https:\/\/www.atelierdevino.com\/#organization\",\"name\":\"Atelier de Vino\",\"url\":\"https:\/\/www.atelierdevino.com\/\",\"logo\":{\"@type\":\"ImageObject\",\"inLanguage\":\"en-GB\",\"@id\":\"https:\/\/www.atelierdevino.com\/#\/schema\/logo\/image\/\",\"url\":\"https:\/\/www.atelierdevino.com\/wp-content\/uploads\/2018\/10\/logo-big.png\",\"contentUrl\":\"https:\/\/www.atelierdevino.com\/wp-content\/uploads\/2018\/10\/logo-big.png\",\"width\":268,\"height\":342,\"caption\":\"Atelier de Vino\"},\"image\":{\"@id\":\"https:\/\/www.atelierdevino.com\/#\/schema\/logo\/image\/\"}},{\"@type\":\"Person\",\"@id\":\"https:\/\/www.atelierdevino.com\/#\/schema\/person\/3cfbe69ab95d47e6b91287dd9b59b624\",\"name\":\"Juanma Victoria Donadeu\",\"image\":{\"@type\":\"ImageObject\",\"inLanguage\":\"en-GB\",\"@id\":\"https:\/\/www.atelierdevino.com\/#\/schema\/person\/image\/\",\"url\":\"https:\/\/secure.gravatar.com\/avatar\/7e8428f16c833486a22048308bc39e9b1a6c4683a0d84d7bfabdbc7e6df45d96?s=96&d=mm&r=g\",\"contentUrl\":\"https:\/\/secure.gravatar.com\/avatar\/7e8428f16c833486a22048308bc39e9b1a6c4683a0d84d7bfabdbc7e6df45d96?s=96&d=mm&r=g\",\"caption\":\"Juanma Victoria Donadeu\"},\"url\":\"https:\/\/www.atelierdevino.com\/en\/author\/juanmavictoria\/\"}]}<\/script>\n<!-- \/ Yoast SEO plugin. -->","yoast_head_json":{"title":"Mapping Me - Atelier de Vino","robots":{"index":"index","follow":"follow","max-snippet":"max-snippet:-1","max-image-preview":"max-image-preview:large","max-video-preview":"max-video-preview:-1"},"canonical":"https:\/\/www.atelierdevino.com\/en\/mapping-me\/","og_locale":"en_GB","og_type":"article","og_title":"Mapping Me - Atelier de Vino","og_description":"\u00a1Somos patrocinadores del Mapping Me! Un Festival de Videoarte y Mapping de Castilla y Le\u00f3n que se celebra este fin de semana en el \u201cMatadero\u00bb de nuestra Comunidad Aut\u00f3noma. El motivo principal que nos ha impulsado a ser part\u00edcipes de este evento, es poner en valor el patrimonio hist\u00f3rico mediante la iniciativa de realizar espect\u00e1culo [&hellip;]","og_url":"https:\/\/www.atelierdevino.com\/en\/mapping-me\/","og_site_name":"Atelier de Vino","article_published_time":"2020-12-22T04:40:10+00:00","article_modified_time":"2025-05-07T14:01:27+00:00","og_image":[{"width":1200,"height":553,"url":"https:\/\/www.atelierdevino.com\/wp-content\/uploads\/2020\/12\/diciembre.jpg","type":"image\/jpeg"}],"author":"Juanma Victoria Donadeu","twitter_card":"summary_large_image","twitter_misc":{"Written by":"Juanma Victoria Donadeu","Estimated reading time":"2 minutes"},"schema":{"@context":"https:\/\/schema.org","@graph":[{"@type":"Article","@id":"https:\/\/www.atelierdevino.com\/mapping-me\/#article","isPartOf":{"@id":"https:\/\/www.atelierdevino.com\/mapping-me\/"},"author":{"name":"Juanma Victoria Donadeu","@id":"https:\/\/www.atelierdevino.com\/#\/schema\/person\/3cfbe69ab95d47e6b91287dd9b59b624"},"headline":"Mapping Me","datePublished":"2020-12-22T04:40:10+00:00","dateModified":"2025-05-07T14:01:27+00:00","mainEntityOfPage":{"@id":"https:\/\/www.atelierdevino.com\/mapping-me\/"},"wordCount":347,"publisher":{"@id":"https:\/\/www.atelierdevino.com\/#organization"},"image":{"@id":"https:\/\/www.atelierdevino.com\/mapping-me\/#primaryimage"},"thumbnailUrl":"https:\/\/www.atelierdevino.com\/wp-content\/uploads\/2020\/12\/diciembre.jpg","articleSection":["Bodega","Elaboraci\u00f3n","Vino"],"inLanguage":"en-GB"},{"@type":"WebPage","@id":"https:\/\/www.atelierdevino.com\/mapping-me\/","url":"https:\/\/www.atelierdevino.com\/mapping-me\/","name":"Mapping Me - Atelier de Vino","isPartOf":{"@id":"https:\/\/www.atelierdevino.com\/#website"},"primaryImageOfPage":{"@id":"https:\/\/www.atelierdevino.com\/mapping-me\/#primaryimage"},"image":{"@id":"https:\/\/www.atelierdevino.com\/mapping-me\/#primaryimage"},"thumbnailUrl":"https:\/\/www.atelierdevino.com\/wp-content\/uploads\/2020\/12\/diciembre.jpg","datePublished":"2020-12-22T04:40:10+00:00","dateModified":"2025-05-07T14:01:27+00:00","breadcrumb":{"@id":"https:\/\/www.atelierdevino.com\/mapping-me\/#breadcrumb"},"inLanguage":"en-GB","potentialAction":[{"@type":"ReadAction","target":["https:\/\/www.atelierdevino.com\/mapping-me\/"]}]},{"@type":"ImageObject","inLanguage":"en-GB","@id":"https:\/\/www.atelierdevino.com\/mapping-me\/#primaryimage","url":"https:\/\/www.atelierdevino.com\/wp-content\/uploads\/2020\/12\/diciembre.jpg","contentUrl":"https:\/\/www.atelierdevino.com\/wp-content\/uploads\/2020\/12\/diciembre.jpg","width":1200,"height":553,"caption":"Atelier de Vino"},{"@type":"BreadcrumbList","@id":"https:\/\/www.atelierdevino.com\/mapping-me\/#breadcrumb","itemListElement":[{"@type":"ListItem","position":1,"name":"Portada","item":"https:\/\/www.atelierdevino.com\/"},{"@type":"ListItem","position":2,"name":"Mapping Me"}]},{"@type":"WebSite","@id":"https:\/\/www.atelierdevino.com\/#website","url":"https:\/\/www.atelierdevino.com\/","name":"Atelier de Vino","description":"Vinos de Autor | Personalizaci\u00f3n de Vinos | Bodega Boutique","publisher":{"@id":"https:\/\/www.atelierdevino.com\/#organization"},"potentialAction":[{"@type":"SearchAction","target":{"@type":"EntryPoint","urlTemplate":"https:\/\/www.atelierdevino.com\/?s={search_term_string}"},"query-input":{"@type":"PropertyValueSpecification","valueRequired":true,"valueName":"search_term_string"}}],"inLanguage":"en-GB"},{"@type":"Organization","@id":"https:\/\/www.atelierdevino.com\/#organization","name":"Atelier de Vino","url":"https:\/\/www.atelierdevino.com\/","logo":{"@type":"ImageObject","inLanguage":"en-GB","@id":"https:\/\/www.atelierdevino.com\/#\/schema\/logo\/image\/","url":"https:\/\/www.atelierdevino.com\/wp-content\/uploads\/2018\/10\/logo-big.png","contentUrl":"https:\/\/www.atelierdevino.com\/wp-content\/uploads\/2018\/10\/logo-big.png","width":268,"height":342,"caption":"Atelier de Vino"},"image":{"@id":"https:\/\/www.atelierdevino.com\/#\/schema\/logo\/image\/"}},{"@type":"Person","@id":"https:\/\/www.atelierdevino.com\/#\/schema\/person\/3cfbe69ab95d47e6b91287dd9b59b624","name":"Juanma Victoria Donadeu","image":{"@type":"ImageObject","inLanguage":"en-GB","@id":"https:\/\/www.atelierdevino.com\/#\/schema\/person\/image\/","url":"https:\/\/secure.gravatar.com\/avatar\/7e8428f16c833486a22048308bc39e9b1a6c4683a0d84d7bfabdbc7e6df45d96?s=96&d=mm&r=g","contentUrl":"https:\/\/secure.gravatar.com\/avatar\/7e8428f16c833486a22048308bc39e9b1a6c4683a0d84d7bfabdbc7e6df45d96?s=96&d=mm&r=g","caption":"Juanma Victoria Donadeu"},"url":"https:\/\/www.atelierdevino.com\/en\/author\/juanmavictoria\/"}]}},"_links":{"self":[{"href":"https:\/\/www.atelierdevino.com\/en\/wp-json\/wp\/v2\/posts\/13296","targetHints":{"allow":["GET"]}}],"collection":[{"href":"https:\/\/www.atelierdevino.com\/en\/wp-json\/wp\/v2\/posts"}],"about":[{"href":"https:\/\/www.atelierdevino.com\/en\/wp-json\/wp\/v2\/types\/post"}],"author":[{"embeddable":true,"href":"https:\/\/www.atelierdevino.com\/en\/wp-json\/wp\/v2\/users\/35"}],"replies":[{"embeddable":true,"href":"https:\/\/www.atelierdevino.com\/en\/wp-json\/wp\/v2\/comments?post=13296"}],"version-history":[{"count":2,"href":"https:\/\/www.atelierdevino.com\/en\/wp-json\/wp\/v2\/posts\/13296\/revisions"}],"predecessor-version":[{"id":13299,"href":"https:\/\/www.atelierdevino.com\/en\/wp-json\/wp\/v2\/posts\/13296\/revisions\/13299"}],"wp:featuredmedia":[{"embeddable":true,"href":"https:\/\/www.atelierdevino.com\/en\/wp-json\/wp\/v2\/media\/13297"}],"wp:attachment":[{"href":"https:\/\/www.atelierdevino.com\/en\/wp-json\/wp\/v2\/media?parent=13296"}],"wp:term":[{"taxonomy":"category","embeddable":true,"href":"https:\/\/www.atelierdevino.com\/en\/wp-json\/wp\/v2\/categories?post=13296"},{"taxonomy":"post_tag","embeddable":true,"href":"https:\/\/www.atelierdevino.com\/en\/wp-json\/wp\/v2\/tags?post=13296"}],"curies":[{"name":"wp","href":"https:\/\/api.w.org\/{rel}","templated":true}]}}