{"id":11706,"date":"2019-06-28T10:00:33","date_gmt":"2019-06-28T08:00:33","guid":{"rendered":"https:\/\/atelierdevino.com\/?p=11706"},"modified":"2025-05-07T15:59:23","modified_gmt":"2025-05-07T13:59:23","slug":"te-imaginas-ser-el-propietario-de-tu-vinedo","status":"publish","type":"post","link":"https:\/\/www.atelierdevino.com\/en\/te-imaginas-ser-el-propietario-de-tu-vinedo\/","title":{"rendered":"\u00bfTe imaginas ser el propietario de tu vi\u00f1edo?"},"content":{"rendered":"<p>Ahora es el momento, el paso del tiempo y el cuidado permanente de la cepa es fundamental en el resultado. Con&nbsp;<strong>\u201cAtelier de vino\u201d<\/strong>&nbsp;puedes ver como crecen tus vi\u00f1as y vivir en primera persona la maduraci\u00f3n de la uva y disfrutar del campo.<br><\/p><p>Desde ahora ya puedes desarrollar la paciencia de un agricultor y entender porqu\u00e9 miran al cielo, tambi\u00e9n podr\u00e1s percibir hasta el m\u00e1s m\u00ednimo detalle de la cosecha como la incidencia de factores humanos, medioambientales, clim\u00e1ticos, etc.<\/p><h3 class=\"wp-block-heading\"><strong>APADRINA TU CEPA<\/strong><\/h3><figure class=\"wp-block-image\"><img fetchpriority=\"high\" decoding=\"async\" width=\"1024\" height=\"472\" src=\"https:\/\/atelierdevino.com\/wp-content\/uploads\/2019\/06\/cepa-1024x472.jpg\" alt=\"\" class=\"wp-image-11708\" srcset=\"https:\/\/www.atelierdevino.com\/wp-content\/uploads\/2019\/06\/cepa-1024x472.jpg 1024w, https:\/\/www.atelierdevino.com\/wp-content\/uploads\/2019\/06\/cepa-300x138.jpg 300w, https:\/\/www.atelierdevino.com\/wp-content\/uploads\/2019\/06\/cepa-768x354.jpg 768w, https:\/\/www.atelierdevino.com\/wp-content\/uploads\/2019\/06\/cepa.jpg 1200w\" sizes=\"(max-width: 1024px) 100vw, 1024px\" \/><\/figure><p>Apadrinar una Cepa te permitir\u00e1 experimentar de primera mano como el cuidado de las vi\u00f1as y el respecto a la naturaleza influyen en la expresi\u00f3n de la tierra, de su fruto y en la calidad de la cosecha que obtenemos.<\/p><p><strong>Aprende de nuestra mano todos los secretos para el cuidado y la elaboraci\u00f3n de tu propio vino.<\/strong><\/p><p>Para m\u00e1s informaci\u00f3n contacta con nosotros en el siguiente enlace: <a href=\"https:\/\/www.atelierdevino.com\/en\/apadrina-tu-cepa\/\">https:\/\/atelierdevino.com\/apadrina-tu-cepa\/<\/a><\/p><p><\/p><h3 class=\"wp-block-heading\"><strong>APADRINA TU LINEO<\/strong><\/h3><figure class=\"wp-block-image\"><img decoding=\"async\" width=\"1024\" height=\"472\" src=\"https:\/\/atelierdevino.com\/wp-content\/uploads\/2019\/06\/lineo-1024x472.jpg\" alt=\"\" class=\"wp-image-11709\" srcset=\"https:\/\/www.atelierdevino.com\/wp-content\/uploads\/2019\/06\/lineo-1024x472.jpg 1024w, https:\/\/www.atelierdevino.com\/wp-content\/uploads\/2019\/06\/lineo-300x138.jpg 300w, https:\/\/www.atelierdevino.com\/wp-content\/uploads\/2019\/06\/lineo-768x354.jpg 768w, https:\/\/www.atelierdevino.com\/wp-content\/uploads\/2019\/06\/lineo.jpg 1200w\" sizes=\"(max-width: 1024px) 100vw, 1024px\" \/><\/figure><p>Pasear entre las vides, descubriendo c\u00f3mo cambia el campo a lo largo del ciclo vegetativo, desborre, floraci\u00f3n, envero y maduraci\u00f3n hasta la vendimia.<\/p><p>Apadrina un lineo y tendr\u00e1s garantizado 1\/4 de barrica equivalente a 75 botellas con un etiquetado personalizado. Participa en el dise\u00f1o de la etiqueta partiendo de los dise\u00f1os base que te proponemos, seg\u00fan sea compra familiar, de empresa o de un grupo de amigos.<\/p><p>Podr\u00e1s hacer el seguimiento virtual del campo, de la vinificaci\u00f3n y degustar la maduraci\u00f3n del vino.<br><\/p><p><strong>Si\u00e9ntete propietario de un \u201cterrorir\u201d durante la cosecha.<\/strong><\/p><p>Para m\u00e1s informaci\u00f3n contacta con nosotros en el siguiente enlace: <a href=\"https:\/\/www.atelierdevino.com\/en\/apadrina-tu-lineo\/\">https:\/\/atelierdevino.com\/apadrina-tu-lineo\/<\/a><\/p>","protected":false},"excerpt":{"rendered":"<p>Ahora es el momento, el paso del tiempo y el cuidado permanente de la cepa es fundamental en el resultado. Con&nbsp;\u201cAtelier de vino\u201d&nbsp;puedes ver como crecen tus vi\u00f1as y vivir en primera persona la maduraci\u00f3n de la uva y disfrutar del campo. Desde ahora ya puedes desarrollar la paciencia de un agricultor y entender porqu\u00e9 [&hellip;]<\/p>","protected":false},"author":10,"featured_media":11710,"comment_status":"closed","ping_status":"closed","sticky":false,"template":"","format":"standard","meta":{"_acf_changed":false,"footnotes":""},"categories":[97,99,100,98],"tags":[258,102],"class_list":["post-11706","post","type-post","status-publish","format-standard","has-post-thumbnail","hentry","category-apadrina","category-cepa","category-lineo","category-vina","tag-apadrina-es","tag-vina"],"acf":[],"yoast_head":"<!-- This site is optimized with the Yoast SEO plugin v25.0 - https:\/\/yoast.com\/wordpress\/plugins\/seo\/ -->\n<title>\u00bfTe imaginas ser el propietario de tu vi\u00f1edo? - Atelier de Vino<\/title>\n<meta name=\"description\" content=\"Con \u201cAtelier de vino\u201d puedes ver como crecen tus vi\u00f1as y vivir en primera persona la maduraci\u00f3n de la uva y disfrutar del campo.\" \/>\n<meta name=\"robots\" content=\"index, follow, max-snippet:-1, max-image-preview:large, max-video-preview:-1\" \/>\n<link rel=\"canonical\" href=\"https:\/\/www.atelierdevino.com\/en\/te-imaginas-ser-el-propietario-de-tu-vinedo\/\" \/>\n<meta property=\"og:locale\" content=\"en_GB\" \/>\n<meta property=\"og:type\" content=\"article\" \/>\n<meta property=\"og:title\" content=\"\u00bfTe imaginas ser el propietario de tu vi\u00f1edo? - Atelier de Vino\" \/>\n<meta property=\"og:description\" content=\"Con \u201cAtelier de vino\u201d puedes ver como crecen tus vi\u00f1as y vivir en primera persona la maduraci\u00f3n de la uva y disfrutar del campo.\" \/>\n<meta property=\"og:url\" content=\"https:\/\/www.atelierdevino.com\/en\/te-imaginas-ser-el-propietario-de-tu-vinedo\/\" \/>\n<meta property=\"og:site_name\" content=\"Atelier de Vino\" \/>\n<meta property=\"article:published_time\" content=\"2019-06-28T08:00:33+00:00\" \/>\n<meta property=\"article:modified_time\" content=\"2025-05-07T13:59:23+00:00\" \/>\n<meta property=\"og:image\" content=\"https:\/\/www.atelierdevino.com\/wp-content\/uploads\/2019\/06\/apadrina.jpg\" \/>\n\t<meta property=\"og:image:width\" content=\"1200\" \/>\n\t<meta property=\"og:image:height\" content=\"553\" \/>\n\t<meta property=\"og:image:type\" content=\"image\/jpeg\" \/>\n<meta name=\"author\" content=\"Administrador\" \/>\n<meta name=\"twitter:card\" content=\"summary_large_image\" \/>\n<meta name=\"twitter:label1\" content=\"Written by\" \/>\n\t<meta name=\"twitter:data1\" content=\"Administrador\" \/>\n\t<meta name=\"twitter:label2\" content=\"Estimated reading time\" \/>\n\t<meta name=\"twitter:data2\" content=\"1 minute\" \/>\n<script type=\"application\/ld+json\" class=\"yoast-schema-graph\">{\"@context\":\"https:\/\/schema.org\",\"@graph\":[{\"@type\":\"Article\",\"@id\":\"https:\/\/www.atelierdevino.com\/te-imaginas-ser-el-propietario-de-tu-vinedo\/#article\",\"isPartOf\":{\"@id\":\"https:\/\/www.atelierdevino.com\/te-imaginas-ser-el-propietario-de-tu-vinedo\/\"},\"author\":{\"name\":\"Administrador\",\"@id\":\"https:\/\/www.atelierdevino.com\/#\/schema\/person\/7230db7f1560ae185a16511228c5e622\"},\"headline\":\"\u00bfTe imaginas ser el propietario de tu vi\u00f1edo?\",\"datePublished\":\"2019-06-28T08:00:33+00:00\",\"dateModified\":\"2025-05-07T13:59:23+00:00\",\"mainEntityOfPage\":{\"@id\":\"https:\/\/www.atelierdevino.com\/te-imaginas-ser-el-propietario-de-tu-vinedo\/\"},\"wordCount\":296,\"publisher\":{\"@id\":\"https:\/\/www.atelierdevino.com\/#organization\"},\"image\":{\"@id\":\"https:\/\/www.atelierdevino.com\/te-imaginas-ser-el-propietario-de-tu-vinedo\/#primaryimage\"},\"thumbnailUrl\":\"https:\/\/www.atelierdevino.com\/wp-content\/uploads\/2019\/06\/apadrina.jpg\",\"keywords\":[\"apadrina\",\"vi\u00f1a\"],\"articleSection\":[\"Apadrina\",\"Cepa\",\"Lineo\",\"Vi\u00f1a\"],\"inLanguage\":\"en-GB\"},{\"@type\":\"WebPage\",\"@id\":\"https:\/\/www.atelierdevino.com\/te-imaginas-ser-el-propietario-de-tu-vinedo\/\",\"url\":\"https:\/\/www.atelierdevino.com\/te-imaginas-ser-el-propietario-de-tu-vinedo\/\",\"name\":\"\u00bfTe imaginas ser el propietario de tu vi\u00f1edo? - Atelier de Vino\",\"isPartOf\":{\"@id\":\"https:\/\/www.atelierdevino.com\/#website\"},\"primaryImageOfPage\":{\"@id\":\"https:\/\/www.atelierdevino.com\/te-imaginas-ser-el-propietario-de-tu-vinedo\/#primaryimage\"},\"image\":{\"@id\":\"https:\/\/www.atelierdevino.com\/te-imaginas-ser-el-propietario-de-tu-vinedo\/#primaryimage\"},\"thumbnailUrl\":\"https:\/\/www.atelierdevino.com\/wp-content\/uploads\/2019\/06\/apadrina.jpg\",\"datePublished\":\"2019-06-28T08:00:33+00:00\",\"dateModified\":\"2025-05-07T13:59:23+00:00\",\"description\":\"Con \u201cAtelier de vino\u201d puedes ver como crecen tus vi\u00f1as y vivir en primera persona la maduraci\u00f3n de la uva y disfrutar del campo.\",\"breadcrumb\":{\"@id\":\"https:\/\/www.atelierdevino.com\/te-imaginas-ser-el-propietario-de-tu-vinedo\/#breadcrumb\"},\"inLanguage\":\"en-GB\",\"potentialAction\":[{\"@type\":\"ReadAction\",\"target\":[\"https:\/\/www.atelierdevino.com\/te-imaginas-ser-el-propietario-de-tu-vinedo\/\"]}]},{\"@type\":\"ImageObject\",\"inLanguage\":\"en-GB\",\"@id\":\"https:\/\/www.atelierdevino.com\/te-imaginas-ser-el-propietario-de-tu-vinedo\/#primaryimage\",\"url\":\"https:\/\/www.atelierdevino.com\/wp-content\/uploads\/2019\/06\/apadrina.jpg\",\"contentUrl\":\"https:\/\/www.atelierdevino.com\/wp-content\/uploads\/2019\/06\/apadrina.jpg\",\"width\":1200,\"height\":553},{\"@type\":\"BreadcrumbList\",\"@id\":\"https:\/\/www.atelierdevino.com\/te-imaginas-ser-el-propietario-de-tu-vinedo\/#breadcrumb\",\"itemListElement\":[{\"@type\":\"ListItem\",\"position\":1,\"name\":\"Portada\",\"item\":\"https:\/\/www.atelierdevino.com\/\"},{\"@type\":\"ListItem\",\"position\":2,\"name\":\"\u00bfTe imaginas ser el propietario de tu vi\u00f1edo?\"}]},{\"@type\":\"WebSite\",\"@id\":\"https:\/\/www.atelierdevino.com\/#website\",\"url\":\"https:\/\/www.atelierdevino.com\/\",\"name\":\"Atelier de Vino\",\"description\":\"Vinos de Autor | Personalizaci\u00f3n de Vinos | Bodega Boutique\",\"publisher\":{\"@id\":\"https:\/\/www.atelierdevino.com\/#organization\"},\"potentialAction\":[{\"@type\":\"SearchAction\",\"target\":{\"@type\":\"EntryPoint\",\"urlTemplate\":\"https:\/\/www.atelierdevino.com\/?s={search_term_string}\"},\"query-input\":{\"@type\":\"PropertyValueSpecification\",\"valueRequired\":true,\"valueName\":\"search_term_string\"}}],\"inLanguage\":\"en-GB\"},{\"@type\":\"Organization\",\"@id\":\"https:\/\/www.atelierdevino.com\/#organization\",\"name\":\"Atelier de Vino\",\"url\":\"https:\/\/www.atelierdevino.com\/\",\"logo\":{\"@type\":\"ImageObject\",\"inLanguage\":\"en-GB\",\"@id\":\"https:\/\/www.atelierdevino.com\/#\/schema\/logo\/image\/\",\"url\":\"https:\/\/www.atelierdevino.com\/wp-content\/uploads\/2018\/10\/logo-big.png\",\"contentUrl\":\"https:\/\/www.atelierdevino.com\/wp-content\/uploads\/2018\/10\/logo-big.png\",\"width\":268,\"height\":342,\"caption\":\"Atelier de Vino\"},\"image\":{\"@id\":\"https:\/\/www.atelierdevino.com\/#\/schema\/logo\/image\/\"}},{\"@type\":\"Person\",\"@id\":\"https:\/\/www.atelierdevino.com\/#\/schema\/person\/7230db7f1560ae185a16511228c5e622\",\"name\":\"Administrador\",\"image\":{\"@type\":\"ImageObject\",\"inLanguage\":\"en-GB\",\"@id\":\"https:\/\/www.atelierdevino.com\/#\/schema\/person\/image\/\",\"url\":\"https:\/\/secure.gravatar.com\/avatar\/cc610b47b8cd135c84645b70a66146f0d14743fc752bc2e3f9a85e2706d2eb96?s=96&d=mm&r=g\",\"contentUrl\":\"https:\/\/secure.gravatar.com\/avatar\/cc610b47b8cd135c84645b70a66146f0d14743fc752bc2e3f9a85e2706d2eb96?s=96&d=mm&r=g\",\"caption\":\"Administrador\"},\"url\":\"https:\/\/www.atelierdevino.com\/en\/author\/administrador\/\"}]}<\/script>\n<!-- \/ Yoast SEO plugin. -->","yoast_head_json":{"title":"\u00bfTe imaginas ser el propietario de tu vi\u00f1edo? - Atelier de Vino","description":"Con \u201cAtelier de vino\u201d puedes ver como crecen tus vi\u00f1as y vivir en primera persona la maduraci\u00f3n de la uva y disfrutar del campo.","robots":{"index":"index","follow":"follow","max-snippet":"max-snippet:-1","max-image-preview":"max-image-preview:large","max-video-preview":"max-video-preview:-1"},"canonical":"https:\/\/www.atelierdevino.com\/en\/te-imaginas-ser-el-propietario-de-tu-vinedo\/","og_locale":"en_GB","og_type":"article","og_title":"\u00bfTe imaginas ser el propietario de tu vi\u00f1edo? - Atelier de Vino","og_description":"Con \u201cAtelier de vino\u201d puedes ver como crecen tus vi\u00f1as y vivir en primera persona la maduraci\u00f3n de la uva y disfrutar del campo.","og_url":"https:\/\/www.atelierdevino.com\/en\/te-imaginas-ser-el-propietario-de-tu-vinedo\/","og_site_name":"Atelier de Vino","article_published_time":"2019-06-28T08:00:33+00:00","article_modified_time":"2025-05-07T13:59:23+00:00","og_image":[{"width":1200,"height":553,"url":"https:\/\/www.atelierdevino.com\/wp-content\/uploads\/2019\/06\/apadrina.jpg","type":"image\/jpeg"}],"author":"Administrador","twitter_card":"summary_large_image","twitter_misc":{"Written by":"Administrador","Estimated reading time":"1 minute"},"schema":{"@context":"https:\/\/schema.org","@graph":[{"@type":"Article","@id":"https:\/\/www.atelierdevino.com\/te-imaginas-ser-el-propietario-de-tu-vinedo\/#article","isPartOf":{"@id":"https:\/\/www.atelierdevino.com\/te-imaginas-ser-el-propietario-de-tu-vinedo\/"},"author":{"name":"Administrador","@id":"https:\/\/www.atelierdevino.com\/#\/schema\/person\/7230db7f1560ae185a16511228c5e622"},"headline":"\u00bfTe imaginas ser el propietario de tu vi\u00f1edo?","datePublished":"2019-06-28T08:00:33+00:00","dateModified":"2025-05-07T13:59:23+00:00","mainEntityOfPage":{"@id":"https:\/\/www.atelierdevino.com\/te-imaginas-ser-el-propietario-de-tu-vinedo\/"},"wordCount":296,"publisher":{"@id":"https:\/\/www.atelierdevino.com\/#organization"},"image":{"@id":"https:\/\/www.atelierdevino.com\/te-imaginas-ser-el-propietario-de-tu-vinedo\/#primaryimage"},"thumbnailUrl":"https:\/\/www.atelierdevino.com\/wp-content\/uploads\/2019\/06\/apadrina.jpg","keywords":["apadrina","vi\u00f1a"],"articleSection":["Apadrina","Cepa","Lineo","Vi\u00f1a"],"inLanguage":"en-GB"},{"@type":"WebPage","@id":"https:\/\/www.atelierdevino.com\/te-imaginas-ser-el-propietario-de-tu-vinedo\/","url":"https:\/\/www.atelierdevino.com\/te-imaginas-ser-el-propietario-de-tu-vinedo\/","name":"\u00bfTe imaginas ser el propietario de tu vi\u00f1edo? - Atelier de Vino","isPartOf":{"@id":"https:\/\/www.atelierdevino.com\/#website"},"primaryImageOfPage":{"@id":"https:\/\/www.atelierdevino.com\/te-imaginas-ser-el-propietario-de-tu-vinedo\/#primaryimage"},"image":{"@id":"https:\/\/www.atelierdevino.com\/te-imaginas-ser-el-propietario-de-tu-vinedo\/#primaryimage"},"thumbnailUrl":"https:\/\/www.atelierdevino.com\/wp-content\/uploads\/2019\/06\/apadrina.jpg","datePublished":"2019-06-28T08:00:33+00:00","dateModified":"2025-05-07T13:59:23+00:00","description":"Con \u201cAtelier de vino\u201d puedes ver como crecen tus vi\u00f1as y vivir en primera persona la maduraci\u00f3n de la uva y disfrutar del campo.","breadcrumb":{"@id":"https:\/\/www.atelierdevino.com\/te-imaginas-ser-el-propietario-de-tu-vinedo\/#breadcrumb"},"inLanguage":"en-GB","potentialAction":[{"@type":"ReadAction","target":["https:\/\/www.atelierdevino.com\/te-imaginas-ser-el-propietario-de-tu-vinedo\/"]}]},{"@type":"ImageObject","inLanguage":"en-GB","@id":"https:\/\/www.atelierdevino.com\/te-imaginas-ser-el-propietario-de-tu-vinedo\/#primaryimage","url":"https:\/\/www.atelierdevino.com\/wp-content\/uploads\/2019\/06\/apadrina.jpg","contentUrl":"https:\/\/www.atelierdevino.com\/wp-content\/uploads\/2019\/06\/apadrina.jpg","width":1200,"height":553},{"@type":"BreadcrumbList","@id":"https:\/\/www.atelierdevino.com\/te-imaginas-ser-el-propietario-de-tu-vinedo\/#breadcrumb","itemListElement":[{"@type":"ListItem","position":1,"name":"Portada","item":"https:\/\/www.atelierdevino.com\/"},{"@type":"ListItem","position":2,"name":"\u00bfTe imaginas ser el propietario de tu vi\u00f1edo?"}]},{"@type":"WebSite","@id":"https:\/\/www.atelierdevino.com\/#website","url":"https:\/\/www.atelierdevino.com\/","name":"Atelier de Vino","description":"Vinos de Autor | Personalizaci\u00f3n de Vinos | Bodega Boutique","publisher":{"@id":"https:\/\/www.atelierdevino.com\/#organization"},"potentialAction":[{"@type":"SearchAction","target":{"@type":"EntryPoint","urlTemplate":"https:\/\/www.atelierdevino.com\/?s={search_term_string}"},"query-input":{"@type":"PropertyValueSpecification","valueRequired":true,"valueName":"search_term_string"}}],"inLanguage":"en-GB"},{"@type":"Organization","@id":"https:\/\/www.atelierdevino.com\/#organization","name":"Atelier de Vino","url":"https:\/\/www.atelierdevino.com\/","logo":{"@type":"ImageObject","inLanguage":"en-GB","@id":"https:\/\/www.atelierdevino.com\/#\/schema\/logo\/image\/","url":"https:\/\/www.atelierdevino.com\/wp-content\/uploads\/2018\/10\/logo-big.png","contentUrl":"https:\/\/www.atelierdevino.com\/wp-content\/uploads\/2018\/10\/logo-big.png","width":268,"height":342,"caption":"Atelier de Vino"},"image":{"@id":"https:\/\/www.atelierdevino.com\/#\/schema\/logo\/image\/"}},{"@type":"Person","@id":"https:\/\/www.atelierdevino.com\/#\/schema\/person\/7230db7f1560ae185a16511228c5e622","name":"Administrador","image":{"@type":"ImageObject","inLanguage":"en-GB","@id":"https:\/\/www.atelierdevino.com\/#\/schema\/person\/image\/","url":"https:\/\/secure.gravatar.com\/avatar\/cc610b47b8cd135c84645b70a66146f0d14743fc752bc2e3f9a85e2706d2eb96?s=96&d=mm&r=g","contentUrl":"https:\/\/secure.gravatar.com\/avatar\/cc610b47b8cd135c84645b70a66146f0d14743fc752bc2e3f9a85e2706d2eb96?s=96&d=mm&r=g","caption":"Administrador"},"url":"https:\/\/www.atelierdevino.com\/en\/author\/administrador\/"}]}},"_links":{"self":[{"href":"https:\/\/www.atelierdevino.com\/en\/wp-json\/wp\/v2\/posts\/11706","targetHints":{"allow":["GET"]}}],"collection":[{"href":"https:\/\/www.atelierdevino.com\/en\/wp-json\/wp\/v2\/posts"}],"about":[{"href":"https:\/\/www.atelierdevino.com\/en\/wp-json\/wp\/v2\/types\/post"}],"author":[{"embeddable":true,"href":"https:\/\/www.atelierdevino.com\/en\/wp-json\/wp\/v2\/users\/10"}],"replies":[{"embeddable":true,"href":"https:\/\/www.atelierdevino.com\/en\/wp-json\/wp\/v2\/comments?post=11706"}],"version-history":[{"count":2,"href":"https:\/\/www.atelierdevino.com\/en\/wp-json\/wp\/v2\/posts\/11706\/revisions"}],"predecessor-version":[{"id":11712,"href":"https:\/\/www.atelierdevino.com\/en\/wp-json\/wp\/v2\/posts\/11706\/revisions\/11712"}],"wp:featuredmedia":[{"embeddable":true,"href":"https:\/\/www.atelierdevino.com\/en\/wp-json\/wp\/v2\/media\/11710"}],"wp:attachment":[{"href":"https:\/\/www.atelierdevino.com\/en\/wp-json\/wp\/v2\/media?parent=11706"}],"wp:term":[{"taxonomy":"category","embeddable":true,"href":"https:\/\/www.atelierdevino.com\/en\/wp-json\/wp\/v2\/categories?post=11706"},{"taxonomy":"post_tag","embeddable":true,"href":"https:\/\/www.atelierdevino.com\/en\/wp-json\/wp\/v2\/tags?post=11706"}],"curies":[{"name":"wp","href":"https:\/\/api.w.org\/{rel}","templated":true}]}}